{"id":406147,"date":"2024-03-13T18:44:25","date_gmt":"2024-03-13T17:44:25","guid":{"rendered":"https:\/\/nautiluskayaks.es\/?p=406147"},"modified":"2024-03-13T21:27:12","modified_gmt":"2024-03-13T20:27:12","slug":"pala-de-tormenta","status":"publish","type":"post","link":"https:\/\/nautiluskayaks.es\/en\/pala-de-tormenta\/","title":{"rendered":"Pala de tormenta"},"content":{"rendered":"<p>Small in size, it's designed to navigate in <strong>strong wind conditions<\/strong>.<\/p>","protected":false},"excerpt":{"rendered":"<p>De peque\u00f1as dimensiones, est\u00e1 dise\u00f1ada para navegar en condiciones de viento fuerte.<\/p>","protected":false},"author":4,"featured_media":406237,"comment_status":"closed","ping_status":"open","sticky":false,"template":"","format":"standard","meta":{"_uf_show_specific_survey":0,"_uf_disable_surveys":false,"footnotes":""},"categories":[13],"tags":[],"class_list":["post-406147","post","type-post","status-publish","format-standard","has-post-thumbnail","hentry","category-palas-groenlandesas"],"aioseo_notices":[],"_links":{"self":[{"href":"https:\/\/nautiluskayaks.es\/en\/wp-json\/wp\/v2\/posts\/406147","targetHints":{"allow":["GET"]}}],"collection":[{"href":"https:\/\/nautiluskayaks.es\/en\/wp-json\/wp\/v2\/posts"}],"about":[{"href":"https:\/\/nautiluskayaks.es\/en\/wp-json\/wp\/v2\/types\/post"}],"author":[{"embeddable":true,"href":"https:\/\/nautiluskayaks.es\/en\/wp-json\/wp\/v2\/users\/4"}],"replies":[{"embeddable":true,"href":"https:\/\/nautiluskayaks.es\/en\/wp-json\/wp\/v2\/comments?post=406147"}],"version-history":[{"count":0,"href":"https:\/\/nautiluskayaks.es\/en\/wp-json\/wp\/v2\/posts\/406147\/revisions"}],"wp:featuredmedia":[{"embeddable":true,"href":"https:\/\/nautiluskayaks.es\/en\/wp-json\/wp\/v2\/media\/406237"}],"wp:attachment":[{"href":"https:\/\/nautiluskayaks.es\/en\/wp-json\/wp\/v2\/media?parent=406147"}],"wp:term":[{"taxonomy":"category","embeddable":true,"href":"https:\/\/nautiluskayaks.es\/en\/wp-json\/wp\/v2\/categories?post=406147"},{"taxonomy":"post_tag","embeddable":true,"href":"https:\/\/nautiluskayaks.es\/en\/wp-json\/wp\/v2\/tags?post=406147"}],"curies":[{"name":"wp","href":"https:\/\/api.w.org\/{rel}","templated":true}]}}